{"id":5628,"date":"2020-05-01T21:43:38","date_gmt":"2020-05-01T21:43:38","guid":{"rendered":"http:\/\/wanderschule.world\/2-vertiefungsworkshop-fu%cc%88r-biodynamische-landwirtschaft-in-der-tu%cc%88rkei\/"},"modified":"2021-09-15T09:02:33","modified_gmt":"2021-09-15T09:02:33","slug":"2-vertiefungsworkshop-fu%cc%88r-biodynamische-landwirtschaft-in-der-tu%cc%88rkei","status":"publish","type":"post","link":"https:\/\/wanderschule.world\/de\/2-vertiefungsworkshop-fu%cc%88r-biodynamische-landwirtschaft-in-der-tu%cc%88rkei\/","title":{"rendered":"2. Vertiefungsworkshop in der Tu\u0308rkei"},"content":{"rendered":"<p><img decoding=\"async\" src=\"https:\/wp-content\/uploads\/2020\/05\/tuerkei-1.png\" style=\"padding: 10px\"><br \/>\nIm Rahmen des Ausbildungsprogramms der FIWS (Freien Internationalen Wanderschule fu\u0308r Biodynamische Agrar-Kultur) organisierte Arzu Duran von DEMETER Tu\u0308rkei den zweiten Kurs auf ihrem Hof westlich von Istanbul.<\/p>\n<p><a href=\"http:\/\/demeter-turkey.com\/istafil-ciftligi-bio-dinamik-organik-tarim-ltd-sti\" target=\"_blank\" rel=\"noopener noreferrer\">Bildergalerie Workshop T\u00fcrkei<\/a><br \/>\n<a href=\"https:\/\/istafilciftligi.com\" target=\"_blank\" rel=\"noopener noreferrer\">Biodynamischer Landbau in der T\u00fcrkei<\/a><\/p>\n<p>Dort hat Arzu einen wundersch\u00f6nen Saal mit einigen Nebenr\u00e4umen gebaut, ja sogar mit einem Turmzimmer, vom wo man einen tollen \u00dcberblick u\u0308ber die ganze G\u00e4rtnerei hat. Es gibt auch \u00dcbernachtungsm\u00f6glichkeiten auf dem Hof. Hier ist ein richtiges Tagungs- und Ausbildungszentrum entstanden!<br \/>\nDer erste Vertiefungskurs war im April 2019. Damals arbeiteten wir am ersten Vortrag des Landwirtschaftlichen Kurses. Nun war der 2. Vortrag das Hauptthema des Workshops. So wollen wir in den kommenden Jahren den ganzen Landwirtschaftlichen Kurs durcharbeiten.<br \/>\nBeim ersten Kurs nahmen etwa 16 Menschen teil, bei diesem kamen mehr als 75 Menschen aus der ganzen Tu\u0308rkei, auch zwei Teilnehmer aus dem Iran und Nat\u00e0lia aus Spanien. Es waren praktizierende DEMETER Bauern und Bio-Bauern dabei und Mitarbeiter von gr\u00f6\u00dferen Firmen wie z.B. RAPUNZEL und ISIK. Dann auch viele Mitarbeiter verschiedener tu\u0308rkischer Kontroll-Stellen. Auch Menschen, die in Landwirtschaftlichen Beh\u00f6rden und an Universit\u00e4ten arbeiten. Die allermeisten Teilnehmer hatten in Bezug auf Biodynamische Landwirtschaft und Anthroposophie keine gro\u00dfen Vorkenntnisse. Das war aber kein Hinderungsgrund, aktiv teilzunehmen und in die tieferen Inhalte einzusteigen.<br \/>\nFu\u0308r die beiden Lektionen hat Arzu den ersten und zweiten Vortrag ins Tu\u0308rkische u\u0308bersetzt, so dass alle Teilnehmer die M\u00f6glichkeit hatten, den Text selber zu lesen und zu studieren. Das halte ich fu\u0308r eine gro\u00dfe Hilfe, um die schwierigen Inhalte besser verdauen zu k\u00f6nnen. So hatten wir die M\u00f6glichkeit, auszugsweise spezielle Stellen zu lesen und direkt daru\u0308ber auszutauschen und Fragen und Inhalte zu er\u00f6rtern. Den Kurs stellten wir unter das Motto von Nikos Kazantzakis: \u201eIst es nicht der Sinn der Erde, sie in Freude zu verwandeln?\u201c (So hat Lisa Geyer es auf ihren Oliven\u00f6l-Kanistern mit MANI-\u00d6l aufgemalt) Zu Beginn fu\u0308hrten wir in den anthroposophischen Kontext des gesamten LW-Kurses und seiner Geschichte ein und wiederholten wir Inhalte des ersten Vortrages. Dann arbeiteten wir an folgenden Themen:<br \/>\n\u2022 Die Landwirtschaft als in sich geschlossene Individualit\u00e4t<br \/>\n\u2022 Alles von au\u00dfen kommende als Heilmittel zu betrachten<br \/>\n\u2022 Der Erdboden als Zwerchfell-Organ des Organismus<br \/>\n\u2022 Die Landwirtschaftliche Individualit\u00e4t als auf dem Kopfe stehend betrachten<br \/>\n\u2022 Lebendige Wechselwirkung von \u00dcber-der-Erde und Unter-der Erde<br \/>\n\u2022 Die Wirksamkeit der Planeten im Pflanzenwachstum<br \/>\n\u2022 \u00dcber Kiesel, Kalk und Ton<br \/>\n\u2022 \u00dcber die Samenbildung und das Samenchaos<br \/>\n\u2022 \u00dcber die Humusbildung<br \/>\nWir konnten sogar verschiedene Meditationen miteinander machen, so mit einer Handvoll Erde, mit Kalkstein und zuletzt die Samen-Meditation Rudolf Steiners. Die dabei gemachten Wahrnehmungen waren tief beeindruckend und bewegend. Es war sehr erstaunlich, mit welchen Interesse diese doch sehr pers\u00f6nlichen Erlebnisse mitgeteilt wurden. Wichtig war es, dass wir auch einen praktischen Teil zusammen erlebten. So machten wir am Samstagnachmittag Pr\u00e4parate. Wir fu\u0308llten Kuhh\u00f6rner und gruben sie gemeinsam ein, genauso Kamille-Wu\u0308rste und L\u00f6wenzahn-Pakete. Dann gruben wir auch die Hirschblase ein, die den Sommer u\u0308ber am Pr\u00e4paratehaus gehangen hat. Und zuletzt holten wir noch die Kieselh\u00f6rner aus dem Boden. Ein gro\u00dfes Fest fu\u0308r alle! Der besondere Dank geht an Arzu Duran und ihre Mitarbeiter, die dieses Event erst so m\u00f6glich gemacht haben. Alles wurde von ihnen in unglaublicher Weise vorbereitet und dann auch durchgefu\u0308hrt, bis hin zu den gemeinsamen Mahlzeiten! Zudem hat Arzu alle meinen Beitr\u00e4ge ins Tu\u0308rkische u\u0308bersetzt!<br \/>\nIm M\u00e4rz 2020 geht es weiter. Vom 27.-29. M\u00e4rz werden wir am dritten Vortrag des LWKurses arbeiten.<br \/>\n<em>St. Ilgen, 5. Januar 2020<br \/>\nHans Supenk\u00e4mper<\/em><\/p>\n<p><a href=\"\/wp-content\/uploads\/2020\/04\/2019-Hans_Workshop.pdf\" target=\"_blank\" rel=\"noopener noreferrer\">Download PDF<\/a><\/p>\n","protected":false},"excerpt":{"rendered":"<p>Im Rahmen des Ausbildungsprogramms der FIWS (Freien Internationalen Wanderschule fu\u0308r Biodynamische Agrar-Kultur) organisierte Arzu Duran von DEMETER Tu\u0308rkei den zweiten Kurs auf ihrem Hof westlich von Istanbul. Bildergalerie Workshop T\u00fcrkei Biodynamischer Landbau in der T\u00fcrkei Dort hat Arzu einen wundersch\u00f6nen Saal mit einigen Nebenr\u00e4umen gebaut, ja sogar mit einem Turmzimmer, vom wo man einen tollen [&hellip;]<\/p>\n","protected":false},"author":1,"featured_media":5584,"comment_status":"closed","ping_status":"closed","sticky":false,"template":"","format":"standard","meta":{"footnotes":""},"categories":[55],"tags":[],"class_list":["post-5628","post","type-post","status-publish","format-standard","has-post-thumbnail","hentry","category-presse"],"_links":{"self":[{"href":"https:\/\/wanderschule.world\/de\/wp-json\/wp\/v2\/posts\/5628","targetHints":{"allow":["GET"]}}],"collection":[{"href":"https:\/\/wanderschule.world\/de\/wp-json\/wp\/v2\/posts"}],"about":[{"href":"https:\/\/wanderschule.world\/de\/wp-json\/wp\/v2\/types\/post"}],"author":[{"embeddable":true,"href":"https:\/\/wanderschule.world\/de\/wp-json\/wp\/v2\/users\/1"}],"replies":[{"embeddable":true,"href":"https:\/\/wanderschule.world\/de\/wp-json\/wp\/v2\/comments?post=5628"}],"version-history":[{"count":6,"href":"https:\/\/wanderschule.world\/de\/wp-json\/wp\/v2\/posts\/5628\/revisions"}],"predecessor-version":[{"id":5634,"href":"https:\/\/wanderschule.world\/de\/wp-json\/wp\/v2\/posts\/5628\/revisions\/5634"}],"wp:featuredmedia":[{"embeddable":true,"href":"https:\/\/wanderschule.world\/de\/wp-json\/wp\/v2\/media\/5584"}],"wp:attachment":[{"href":"https:\/\/wanderschule.world\/de\/wp-json\/wp\/v2\/media?parent=5628"}],"wp:term":[{"taxonomy":"category","embeddable":true,"href":"https:\/\/wanderschule.world\/de\/wp-json\/wp\/v2\/categories?post=5628"},{"taxonomy":"post_tag","embeddable":true,"href":"https:\/\/wanderschule.world\/de\/wp-json\/wp\/v2\/tags?post=5628"}],"curies":[{"name":"wp","href":"https:\/\/api.w.org\/{rel}","templated":true}]}}