{"id":5651,"date":"2020-05-02T07:01:29","date_gmt":"2020-05-02T07:01:29","guid":{"rendered":"http:\/\/wanderschule.world\/?p=5651"},"modified":"2021-09-15T09:02:06","modified_gmt":"2021-09-15T09:02:06","slug":"suedafrika","status":"publish","type":"post","link":"https:\/\/wanderschule.world\/de\/suedafrika\/","title":{"rendered":"Biodynamische Weinkonferenz in Su\u0308dafrika"},"content":{"rendered":"<p><img decoding=\"async\" src=\"https:\/wp-content\/uploads\/2020\/05\/2018newsletterSuedafrika.png\" width=\"33%\" style=\"padding: 10px\"><img decoding=\"async\" src=\"https:\/wp-content\/uploads\/2020\/05\/2018newsletterSuedafrika03.png\" width=\"33%\" style=\"padding: 10px\"><img decoding=\"async\" src=\"https:\/wp-content\/uploads\/2020\/05\/2018newsletterSuedafrika04.png\" width=\"33%\" style=\"padding: 10px\"><\/p>\n<p><strong>Biodynamisch weltweiter Newsletter \u2013 Oktober 2018<\/strong><br \/>\nAls die fu\u0308nfj\u00e4hrige Du\u0308rre in Su\u0308dafrika endete, veranstaltete die Farm von Reyneke Wines in Stellenbosch Mitte Juni 2018 eine zweit\u00e4gige Biodynamische Weinkonferenz mit Gastdozent Dr.Georg Meissner von der Freien Wanderschule. Nach dem hei\u00dfesten und trockensten Sommer 2017\/2018, der jemals aufgezeichnet wurde, prasselte der Regen auf wundervolle Art und Weise herab. Fu\u0308r die Weinberge, die gerade neu umgestellt wurden, war der Regen eine Herausforderung aber der 12-j\u00e4hrige Biodynamisch bewirtschaftete Boden hielt diesem wunderbar stand. Die Farbe und Textur des Bodens deuten darauf hin, dass der Sand nun umgewandelt wurde. Der Boden enth\u00e4lt ausreichend dunkle organische Substanz, die den lang ersehnten Regen gut aufnimmt. Diese alten zersetzten Granitb\u00f6den haben ein gro\u00dfes Potenzial fu\u0308r die Erzeugung von Qualit\u00e4tswein.<br \/>\nAls die Du\u0308rre in Westkap im fu\u0308nften Jahr ihren Tribut forderte, war die Zukunft der Landwirtschaft ernsthaft bedroht. Landwirte, insbesondere diejenigen, die sich der nachhaltigen Praxis bewusst sind, wurden wiederholt herausgefordert herauszufinden, welche Umwelt ben\u00f6tigt wird, um bei Du\u0308rrebedingungen einen gesunden Boden zu erhalten. Genauso sollten sie herausfinden wie sie selbst eine gesunde und positive Einstellung dazu aufrechterhalten k\u00f6nnen.<br \/>\nDr. Meissner sch\u00e4rfte unsere Aufmerksamkeit dahingehend den qualitativen Unterschied zwischen den 12-j\u00e4hrigen Biodynamischen B\u00f6den bei Reyneke Wines und dem angrenzenden neuen Weinberg in Umstellung auf Biodynamische Wirtschaftsweise festzustellen. Die Biographie des Farmers, Johan Reynekes Reise und dessen landwirtschaftliche Praxis verdeutlichten, dass die Integration der Prinzipien und Praktiken der Biodynamie das Land resilient gegen Trockenheit machte. Eine Entdeckung so willkommen wie der Regen!<\/p>\n<p><em>Helen van Zyl<br \/>\nKoordinator und Direktor fu\u0308r Biodynamische<br \/>\nLehrlingsausbildung<br \/>\nhelenvanzyl@me.com<\/em><\/p>\n<p><a href=\"\/wp-content\/uploads\/2020\/04\/2018Biodynamisch-weltweit-DI-newsletter-IV-Ausschnitt-Su\u0308dafrika.jpg\" target=\"_blank\" rel=\"noopener noreferrer\">Download PDF<\/a><\/p>\n","protected":false},"excerpt":{"rendered":"<p>Biodynamisch weltweiter Newsletter \u2013 Oktober 2018 Als die fu\u0308nfj\u00e4hrige Du\u0308rre in Su\u0308dafrika endete, veranstaltete die Farm von Reyneke Wines in Stellenbosch Mitte Juni 2018 eine zweit\u00e4gige Biodynamische Weinkonferenz mit Gastdozent Dr.Georg Meissner von der Freien Wanderschule. Nach dem hei\u00dfesten und trockensten Sommer 2017\/2018, der jemals aufgezeichnet wurde, prasselte der Regen auf wundervolle Art und Weise [&hellip;]<\/p>\n","protected":false},"author":1,"featured_media":5551,"comment_status":"closed","ping_status":"closed","sticky":false,"template":"","format":"standard","meta":{"footnotes":""},"categories":[55],"tags":[],"class_list":["post-5651","post","type-post","status-publish","format-standard","has-post-thumbnail","hentry","category-presse"],"_links":{"self":[{"href":"https:\/\/wanderschule.world\/de\/wp-json\/wp\/v2\/posts\/5651","targetHints":{"allow":["GET"]}}],"collection":[{"href":"https:\/\/wanderschule.world\/de\/wp-json\/wp\/v2\/posts"}],"about":[{"href":"https:\/\/wanderschule.world\/de\/wp-json\/wp\/v2\/types\/post"}],"author":[{"embeddable":true,"href":"https:\/\/wanderschule.world\/de\/wp-json\/wp\/v2\/users\/1"}],"replies":[{"embeddable":true,"href":"https:\/\/wanderschule.world\/de\/wp-json\/wp\/v2\/comments?post=5651"}],"version-history":[{"count":1,"href":"https:\/\/wanderschule.world\/de\/wp-json\/wp\/v2\/posts\/5651\/revisions"}],"predecessor-version":[{"id":5652,"href":"https:\/\/wanderschule.world\/de\/wp-json\/wp\/v2\/posts\/5651\/revisions\/5652"}],"wp:featuredmedia":[{"embeddable":true,"href":"https:\/\/wanderschule.world\/de\/wp-json\/wp\/v2\/media\/5551"}],"wp:attachment":[{"href":"https:\/\/wanderschule.world\/de\/wp-json\/wp\/v2\/media?parent=5651"}],"wp:term":[{"taxonomy":"category","embeddable":true,"href":"https:\/\/wanderschule.world\/de\/wp-json\/wp\/v2\/categories?post=5651"},{"taxonomy":"post_tag","embeddable":true,"href":"https:\/\/wanderschule.world\/de\/wp-json\/wp\/v2\/tags?post=5651"}],"curies":[{"name":"wp","href":"https:\/\/api.w.org\/{rel}","templated":true}]}}