{"id":5748,"date":"2021-04-16T21:24:26","date_gmt":"2021-04-16T21:24:26","guid":{"rendered":"http:\/\/wanderschule.world\/?p=5748"},"modified":"2024-08-06T10:20:04","modified_gmt":"2024-08-06T10:20:04","slug":"anleitung-zum-biologisch-dynamischen-aussaatkalender","status":"publish","type":"post","link":"https:\/\/wanderschule.world\/de\/anleitung-zum-biologisch-dynamischen-aussaatkalender\/","title":{"rendered":"Newsletter der Biodynamischen Federation Demeter International APRIL 2021"},"content":{"rendered":"\n<div class=\"wp-block-image\"><figure class=\"aligncenter size-large\"><img loading=\"lazy\" decoding=\"async\" width=\"1024\" height=\"576\" src=\"http:\/\/wanderschule.world\/wp-content\/uploads\/2021\/04\/030d7664-2c0e-4475-8ceb-6a87b067263d-1024x576.png\" alt=\"Tune in the Rhythms of cosmos, nature and life\" class=\"wp-image-5728\" srcset=\"https:\/\/wanderschule.world\/wp-content\/uploads\/2021\/04\/030d7664-2c0e-4475-8ceb-6a87b067263d-1024x576.png 1024w, https:\/\/wanderschule.world\/wp-content\/uploads\/2021\/04\/030d7664-2c0e-4475-8ceb-6a87b067263d-300x169.png 300w, https:\/\/wanderschule.world\/wp-content\/uploads\/2021\/04\/030d7664-2c0e-4475-8ceb-6a87b067263d-768x432.png 768w, https:\/\/wanderschule.world\/wp-content\/uploads\/2021\/04\/030d7664-2c0e-4475-8ceb-6a87b067263d-1536x864.png 1536w, https:\/\/wanderschule.world\/wp-content\/uploads\/2021\/04\/030d7664-2c0e-4475-8ceb-6a87b067263d-1170x658.png 1170w, https:\/\/wanderschule.world\/wp-content\/uploads\/2021\/04\/030d7664-2c0e-4475-8ceb-6a87b067263d-560x315.png 560w, https:\/\/wanderschule.world\/wp-content\/uploads\/2021\/04\/030d7664-2c0e-4475-8ceb-6a87b067263d-1920x1080.png 1920w\" sizes=\"auto, (max-width: 1024px) 100vw, 1024px\" \/><figcaption>Die \u00dcbereinstimmung der Rhythmen von Kosmos, Natur und Leben<\/figcaption><\/figure><\/div>\n\n\n\n<h2 class=\"wp-block-heading\">ANLEITUNG ZUM BIOLOGISCH-DYNAMISCHEN AUSSAATKALENDER<\/h2>\n\n\n\n<p>Seit wir 2019 im RUMI-Zentrum auf Arzu Durans Farm in der N\u00e4he von Istanbul mit der Arbeit am Landwirtschaftskurs begonnen haben, hat sich eine st\u00e4ndig wachsende Gruppe von Menschen zusammengeschlossen, um ihr Interesse an der biodynamischen Arbeit zu teilen. Derzeit sind 112 Personen in der Gruppe, die alle engagiert sind und aktiv miteinander kommunizieren. Angesichts dieses Interesses haben wir Anfang M\u00e4rz zu einem Online-Workshop zum Thema \u201eWie man mit dem biologisch-dynamischen Aussaatkalender arbeitet\u201c eingeladen. Innerhalb k\u00fcrzester Zeit haben sich mehr als 100 Personen f\u00fcr die Teilnahme an der Schulung angemeldet.<\/br>\n\u201eWas ist Leben?\u201c, hat Rudolf Hauschka Rudolf Steiner vor 100 Jahren gefragt. Steiner beantwortete diese wichtige Frage f\u00fcr ihn folgenderma\u00dfen: \u201eStudiere die Rhythmen! Rhythmus tr\u00e4gt Leben!\u201c Dies war das zentrale Thema unseres Vortrags.<\/br>\nMeine Enkelin schaukelt und ich sto\u00dfe sie an. Wenn ich nicht auf ihren Rhythmus achte, werde ich sie beim Schwingen st\u00f6ren und sie wird sich sofort beschweren: \u201eOpa, was machst du?\u201c Erst wenn ich auf ihr Schwingen eingehe und sie im richtigen Moment sto\u00dfe, ruft sie: \u201eOpa, mehr!\u201c Die Natur erlebt dies auf die gleiche Weise. Nur wenn ich auf die Rhythmen der Natur achte und mich darauf einstelle, geht es gut!<\/p>\n\n\n\n<div class=\"wp-block-image\"><figure class=\"aligncenter size-large\"><img loading=\"lazy\" decoding=\"async\" width=\"1024\" height=\"576\" src=\"http:\/\/wanderschule.world\/wp-content\/uploads\/2021\/04\/444f7e08-076d-4207-987a-6b67d4f75f68-1024x576.png\" alt=\"rhythms of the day\" class=\"wp-image-5730\" srcset=\"https:\/\/wanderschule.world\/wp-content\/uploads\/2021\/04\/444f7e08-076d-4207-987a-6b67d4f75f68-1024x576.png 1024w, https:\/\/wanderschule.world\/wp-content\/uploads\/2021\/04\/444f7e08-076d-4207-987a-6b67d4f75f68-300x169.png 300w, https:\/\/wanderschule.world\/wp-content\/uploads\/2021\/04\/444f7e08-076d-4207-987a-6b67d4f75f68-768x432.png 768w, https:\/\/wanderschule.world\/wp-content\/uploads\/2021\/04\/444f7e08-076d-4207-987a-6b67d4f75f68-1536x864.png 1536w, https:\/\/wanderschule.world\/wp-content\/uploads\/2021\/04\/444f7e08-076d-4207-987a-6b67d4f75f68-1170x658.png 1170w, https:\/\/wanderschule.world\/wp-content\/uploads\/2021\/04\/444f7e08-076d-4207-987a-6b67d4f75f68-560x315.png 560w, https:\/\/wanderschule.world\/wp-content\/uploads\/2021\/04\/444f7e08-076d-4207-987a-6b67d4f75f68-1920x1080.png 1920w\" sizes=\"auto, (max-width: 1024px) 100vw, 1024px\" \/><figcaption>Der Rhythmus des Tages<\/figcaption><\/figure><\/div>\n\n\n\n<p>Maria Thun hat die Rhythmen der Natur erforscht. Seit den 1950er Jahren gibt sie der biodynamischen Landwirtschaft einen starken Impuls, auf neue Weise rhythmisch mit den Lebewesen in der Natur, mit dem Boden und den Pflanzen und vor allem mit den Vorbereitungen zu arbeiten, ganz im Sinne des schaukelnden Kindes!<\/br>\nAls junger Mensch hatte ich die Gelegenheit, sie pers\u00f6nlich kennenzulernen und zu erleben, und seitdem, insbesondere durch meine Lehrer Graf Finckenstein, Peter Blaser und Karl Tress, die ihr nahe standen, hat ihre Forschung meine landwirtschaftliche Arbeit gepr\u00e4gt und rhythmisiert. Sie hat mein inneres und \u00e4u\u00dferes Gespr\u00e4ch mit der Natur gef\u00f6rdert.<\/br>\nSo nehme ich die Arbeit mit dem Aussaatkalender in meine Projekte in der internationalen Beratung auf. Er unterst\u00fctzt die praktische Arbeit bei den Vorbereitungen auf den Farmen. Zu diesem Zweck bereite ich f\u00fcr jeden geografischen Standort ein FARMBUCH mit einem biodynamischen Arbeitskalender vor, in dem man nach vorne schauen, planen und dann dokumentieren kann.<\/br>\nDie Inhalte des Workshops hatten zum Ziel, ein tieferes Verst\u00e4ndnis der Keimtage zu erlangen, welche astronomischen Kontexte sie haben und auf welche Weise sie zur Grundlage f\u00fcr die praktische Arbeit, insbesondere f\u00fcr die Vorbereitungsarbeit, werden k\u00f6nnen.<\/br>\nEs ist sehr aufregend zu sehen, wie die gro\u00dfe Gruppe t\u00fcrkischer Freunde auf den Workshop reagiert hat. \u00dcber zwei Wochen lang pulsierte ein intensiver Austausch \u00fcber WhatsApp zu allen m\u00f6glichen Themen, wobei insbesondere Erfahrungen und Erkenntnisse aus der traditionellen t\u00fcrkischen Landwirtschaft ausgetauscht wurden.<\/br>\nArzu Duran, Pr\u00e4sident von Demeter T\u00fcrkei, war von dem Treffen mit Teilnehmern nicht nur aus der T\u00fcrkei, sondern aus der ganzen Welt sehr begeistert. Die Einf\u00fchrung in das Thema war sehr sch\u00f6n und der Prozess reibungslos. Das folgende St\u00fcck von Faust wurde sehr gesch\u00e4tzt, um die Rhythmen zu verstehen, die als eine Art kosmische Musik angesehen werden.<\/p>\n\n\n\n<p>In Goethe\u2019s FAUST gibt es einen Vers:<\/br>\n<strong>\u201eDie Sonne t\u00f6nt nach alter Weise<\/br>\nIn Brudersph\u00e4ren Wettgesang,<\/br>\nUnd ihre vorgeschriebne Reise<\/br>\nVollendet sie mit Donnergang.\u201c<\/strong><\/br>\nDas bedeutet:<\/br>\nDie Sonne singt! H\u00f6rt hin!<\/p>\n\n\n\n<p>Alle waren sehr zufrieden und tief beeindruckt von der Einf\u00fchrung, die an die Verbindung zwischen Mensch, Landwirtschaft und Kosmos erinnert. Es ist ein gro\u00dfartiges Gef\u00fchl f\u00fcr uns, die Menschen dazu zu bringen, ihr Bewusstsein zu st\u00e4rken und eine Kerze anzuz\u00fcnden, damit sie den Himmel auf wachere Weise sehen und dar\u00fcber nachdenken k\u00f6nnen.<\/br>\nWir haben nur unsere geschlossene Gruppe zu diesem Online-Meeting eingeladen, aber die Leute, die sp\u00e4ter davon h\u00f6rten, sagten, dass sie alle gerne an unserem kommenden Online-Training teilnehmen w\u00fcrden. Was f\u00fcr eine Aufregung! Sie sagen, dass sie, obwohl das Online-Meeting vorbei ist, immer noch am Thema festhalten und mehr \u00fcber die biodynamische Landwirtschaft und Rudolf Steiner erfahren m\u00f6chten. Offensichtlich haben die Menschen den Schl\u00fcssel, Wissen zu erlangen und wir m\u00fcssen unsere Arbeit fortsetzen. In unseren n\u00e4chsten Sitzungen werden wir weitere Themen wie die Lesungen des Landwirtschaftskurses, die Anthroposophie sowie die biodynamische Landwirtschaft ber\u00fccksichtigen.<\/br>\nJetzt, da die Leute den Maria-Thun-Kalender kennen, haben sie bereits begonnen, die \u00dcbersetzung dessen zu verwenden, die Hans f\u00fcr t\u00fcrkische Bauern in t\u00fcrkischer Sprache angefertigt hat. Jeder ist sehr dankbar.<\/p>\n\n\n\n<p><strong>\u201eDas Wichtigste ist, die Vorteile unserer landwirtschaftlichen Vorbereitungen den gr\u00f6\u00dftm\u00f6glichen Fl\u00e4chen auf der ganzen Erde zur Verf\u00fcgung zu stellen, damit die Erde geheilt und die N\u00e4hrstoffqualit\u00e4t ihrer Produkte in jeder Hinsicht verbessert werden kann.<\/br>\n\u2026 Dies ist ein Ern\u00e4hrungsproblem. Die Ern\u00e4hrung, wie sie heute ist, liefert nicht die Kraft, die notwendig ist, um den Geist im physischen Leben zu manifestieren. Eine Br\u00fccke kann nicht l\u00e4nger vom Denken zum Willen und Handeln gebaut werden. Nahrungspflanzen enthalten nicht mehr die Kr\u00e4fte, die Menschen f\u00fcr diesen ben\u00f6tigen.\u201c<\/strong><\/br>\n<em>Rudolf Steiner, Landwirtschaftskurs, 1924<\/em><\/p>\n\n\n\n<div class=\"wp-block-image\"><figure class=\"aligncenter size-large\"><img loading=\"lazy\" decoding=\"async\" width=\"1024\" height=\"576\" src=\"http:\/\/wanderschule.world\/wp-content\/uploads\/2021\/04\/c1d2d8dd-f199-4853-8593-0444499a1595-1024x576.png\" alt=\"Rufolf Steiner and Rudolf Hauschka\" class=\"wp-image-5732\" srcset=\"https:\/\/wanderschule.world\/wp-content\/uploads\/2021\/04\/c1d2d8dd-f199-4853-8593-0444499a1595-1024x576.png 1024w, https:\/\/wanderschule.world\/wp-content\/uploads\/2021\/04\/c1d2d8dd-f199-4853-8593-0444499a1595-300x169.png 300w, https:\/\/wanderschule.world\/wp-content\/uploads\/2021\/04\/c1d2d8dd-f199-4853-8593-0444499a1595-768x432.png 768w, https:\/\/wanderschule.world\/wp-content\/uploads\/2021\/04\/c1d2d8dd-f199-4853-8593-0444499a1595-1536x864.png 1536w, https:\/\/wanderschule.world\/wp-content\/uploads\/2021\/04\/c1d2d8dd-f199-4853-8593-0444499a1595-1170x658.png 1170w, https:\/\/wanderschule.world\/wp-content\/uploads\/2021\/04\/c1d2d8dd-f199-4853-8593-0444499a1595-560x315.png 560w, https:\/\/wanderschule.world\/wp-content\/uploads\/2021\/04\/c1d2d8dd-f199-4853-8593-0444499a1595-1920x1080.png 1920w\" sizes=\"auto, (max-width: 1024px) 100vw, 1024px\" \/><figcaption>Rufolf Steiner und Rudolf Hauschka<\/figcaption><\/figure><\/div>\n\n\n\n<p>Wir hoffen, alle in naher Zukunft wieder im RUMI Center zu treffen, sowohl f\u00fcr die praktische als auch f\u00fcr die theoretische Ausbildung. Solange es schwierig ist, sich physisch zu treffen und zusammenzuarbeiten, werden wir das Online-Medium weiterhin nutzen, um unser Studium des Landwirtschaftskurses fortzusetzen.<\/br>\n<em>Hans Supenk\u00e4mper f\u00fcr die Wanderschule &amp; Arzu Duran f\u00fcr Demeter T\u00fcrkei<\/em><\/p>\n\n\n\n<p><a rel=\"noreferrer noopener\" href=\"https:\/wp-content\/uploads\/2021\/04\/Newsletter-April-2021.deutsch-klein.pdf\" target=\"_blank\">Download PDF<\/a><\/p>\n","protected":false},"excerpt":{"rendered":"<p>ANLEITUNG ZUM BIOLOGISCH-DYNAMISCHEN AUSSAATKALENDER Seit wir 2019 im RUMI-Zentrum auf Arzu Durans Farm in der N\u00e4he von Istanbul mit der Arbeit am Landwirtschaftskurs begonnen haben, hat sich eine st\u00e4ndig wachsende Gruppe von Menschen zusammengeschlossen, um ihr Interesse an der biodynamischen Arbeit zu teilen. Derzeit sind 112 Personen in der Gruppe, die alle engagiert sind und [&hellip;]<\/p>\n","protected":false},"author":1,"featured_media":5740,"comment_status":"closed","ping_status":"closed","sticky":false,"template":"","format":"standard","meta":{"footnotes":""},"categories":[55],"tags":[],"class_list":["post-5748","post","type-post","status-publish","format-standard","has-post-thumbnail","hentry","category-presse"],"_links":{"self":[{"href":"https:\/\/wanderschule.world\/de\/wp-json\/wp\/v2\/posts\/5748","targetHints":{"allow":["GET"]}}],"collection":[{"href":"https:\/\/wanderschule.world\/de\/wp-json\/wp\/v2\/posts"}],"about":[{"href":"https:\/\/wanderschule.world\/de\/wp-json\/wp\/v2\/types\/post"}],"author":[{"embeddable":true,"href":"https:\/\/wanderschule.world\/de\/wp-json\/wp\/v2\/users\/1"}],"replies":[{"embeddable":true,"href":"https:\/\/wanderschule.world\/de\/wp-json\/wp\/v2\/comments?post=5748"}],"version-history":[{"count":22,"href":"https:\/\/wanderschule.world\/de\/wp-json\/wp\/v2\/posts\/5748\/revisions"}],"predecessor-version":[{"id":5859,"href":"https:\/\/wanderschule.world\/de\/wp-json\/wp\/v2\/posts\/5748\/revisions\/5859"}],"wp:featuredmedia":[{"embeddable":true,"href":"https:\/\/wanderschule.world\/de\/wp-json\/wp\/v2\/media\/5740"}],"wp:attachment":[{"href":"https:\/\/wanderschule.world\/de\/wp-json\/wp\/v2\/media?parent=5748"}],"wp:term":[{"taxonomy":"category","embeddable":true,"href":"https:\/\/wanderschule.world\/de\/wp-json\/wp\/v2\/categories?post=5748"},{"taxonomy":"post_tag","embeddable":true,"href":"https:\/\/wanderschule.world\/de\/wp-json\/wp\/v2\/tags?post=5748"}],"curies":[{"name":"wp","href":"https:\/\/api.w.org\/{rel}","templated":true}]}}