{"id":5903,"date":"2021-11-29T11:12:19","date_gmt":"2021-11-29T11:12:19","guid":{"rendered":"http:\/\/wanderschule.world\/?p=5903"},"modified":"2024-08-06T10:20:29","modified_gmt":"2024-08-06T10:20:29","slug":"die-welt-vor-ort","status":"publish","type":"post","link":"https:\/\/wanderschule.world\/de\/die-welt-vor-ort\/","title":{"rendered":"Die Welt vor Ort"},"content":{"rendered":"\n<figure class=\"wp-block-image size-large is-resized\"><img loading=\"lazy\" decoding=\"async\" src=\"http:\/\/wanderschule.world\/wp-content\/uploads\/2021\/11\/Waerme01.jpg\" alt=\"\" class=\"wp-image-5929\" width=\"450\" height=\"450\" srcset=\"https:\/\/wanderschule.world\/wp-content\/uploads\/2021\/11\/Waerme01.jpg 900w, https:\/\/wanderschule.world\/wp-content\/uploads\/2021\/11\/Waerme01-300x300.jpg 300w, https:\/\/wanderschule.world\/wp-content\/uploads\/2021\/11\/Waerme01-150x150.jpg 150w, https:\/\/wanderschule.world\/wp-content\/uploads\/2021\/11\/Waerme01-768x768.jpg 768w, https:\/\/wanderschule.world\/wp-content\/uploads\/2021\/11\/Waerme01-80x80.jpg 80w, https:\/\/wanderschule.world\/wp-content\/uploads\/2021\/11\/Waerme01-560x560.jpg 560w\" sizes=\"auto, (max-width: 450px) 100vw, 450px\" \/><\/figure>\n\n\n\n<p>Dass t\u00e4tige Arbeit Menschen verbindet und eine Br\u00fccke \u00fcber alle Unterschiede hinweg sein kann, zeigen Initiativen wie die Wanderschule. Das Team aus Kennerinnen und Kennern der biodynamischen Landwirtschaft hat sich vor ein paar Jahren aufgemacht, um mit Menschen in aller Welt vor Ort zusammenzuarbeiten und so an den konkreten Gegebenheiten, auf kleinen H\u00f6fen, auf dem Feld oder im Hain Wege in eine unabh\u00e4ngige, gut vernetzte biodynamische Arbeit zu finden.<\/br>\n<em>Franka Henn<\/em><\/p>\n<a href=\"https:\/wp-content\/uploads\/2021\/11\/2021-Goetheanum-Artikel.pdf\" target=\"_blank\" rel=\"noopener noreferrer\">Download PDF<\/a>\n\n\n","protected":false},"excerpt":{"rendered":"<p>Dass t\u00e4tige Arbeit Menschen verbindet und eine Br\u00fccke \u00fcber alle Unterschiede hinweg sein kann, zeigen Initiativen wie die Wanderschule.<\/p>\n","protected":false},"author":1,"featured_media":5929,"comment_status":"closed","ping_status":"closed","sticky":false,"template":"","format":"standard","meta":{"footnotes":""},"categories":[1],"tags":[],"class_list":["post-5903","post","type-post","status-publish","format-standard","has-post-thumbnail","hentry","category-unkategorisiert"],"_links":{"self":[{"href":"https:\/\/wanderschule.world\/de\/wp-json\/wp\/v2\/posts\/5903","targetHints":{"allow":["GET"]}}],"collection":[{"href":"https:\/\/wanderschule.world\/de\/wp-json\/wp\/v2\/posts"}],"about":[{"href":"https:\/\/wanderschule.world\/de\/wp-json\/wp\/v2\/types\/post"}],"author":[{"embeddable":true,"href":"https:\/\/wanderschule.world\/de\/wp-json\/wp\/v2\/users\/1"}],"replies":[{"embeddable":true,"href":"https:\/\/wanderschule.world\/de\/wp-json\/wp\/v2\/comments?post=5903"}],"version-history":[{"count":8,"href":"https:\/\/wanderschule.world\/de\/wp-json\/wp\/v2\/posts\/5903\/revisions"}],"predecessor-version":[{"id":5946,"href":"https:\/\/wanderschule.world\/de\/wp-json\/wp\/v2\/posts\/5903\/revisions\/5946"}],"wp:featuredmedia":[{"embeddable":true,"href":"https:\/\/wanderschule.world\/de\/wp-json\/wp\/v2\/media\/5929"}],"wp:attachment":[{"href":"https:\/\/wanderschule.world\/de\/wp-json\/wp\/v2\/media?parent=5903"}],"wp:term":[{"taxonomy":"category","embeddable":true,"href":"https:\/\/wanderschule.world\/de\/wp-json\/wp\/v2\/categories?post=5903"},{"taxonomy":"post_tag","embeddable":true,"href":"https:\/\/wanderschule.world\/de\/wp-json\/wp\/v2\/tags?post=5903"}],"curies":[{"name":"wp","href":"https:\/\/api.w.org\/{rel}","templated":true}]}}