{"id":5907,"date":"2021-11-29T11:11:05","date_gmt":"2021-11-29T11:11:05","guid":{"rendered":"http:\/\/wanderschule.world\/?p=5907"},"modified":"2024-08-06T10:20:22","modified_gmt":"2024-08-06T10:20:22","slug":"weltweit-biodynamisch-zusammen-wachsen","status":"publish","type":"post","link":"https:\/\/wanderschule.world\/de\/weltweit-biodynamisch-zusammen-wachsen\/","title":{"rendered":"Weltweit: Biodynamisch zusammen wachsen"},"content":{"rendered":"\n<figure class=\"wp-block-image size-large is-resized\"><img loading=\"lazy\" decoding=\"async\" src=\"http:\/\/wanderschule.world\/wp-content\/uploads\/2021\/11\/Tunesien.png\" alt=\"\" class=\"wp-image-5927\" width=\"500\" height=\"500\" srcset=\"https:\/\/wanderschule.world\/wp-content\/uploads\/2021\/11\/Tunesien.png 1000w, https:\/\/wanderschule.world\/wp-content\/uploads\/2021\/11\/Tunesien-300x300.png 300w, https:\/\/wanderschule.world\/wp-content\/uploads\/2021\/11\/Tunesien-150x150.png 150w, https:\/\/wanderschule.world\/wp-content\/uploads\/2021\/11\/Tunesien-768x768.png 768w, https:\/\/wanderschule.world\/wp-content\/uploads\/2021\/11\/Tunesien-80x80.png 80w, https:\/\/wanderschule.world\/wp-content\/uploads\/2021\/11\/Tunesien-560x560.png 560w\" sizes=\"auto, (max-width: 500px) 100vw, 500px\" \/><\/figure>\n\n\n\n<strong>Die international t\u00e4tige Wanderschule unterst\u00fctzt biodynamische Entwicklung in vielen L\u00e4ndern der Erde.<\/strong>\n<p>Ein wichtiges Anliegen unserer Arbeit ist, die Unabh\u00e4ngigkeit von europ\u00e4ischen Firmen und M\u00e4rkten zu erlangen und zur eigenen Kultur passende Wege der Biodynamik und der regionalen Zusammenarbeit zu finden. Gerade die Verschiedenartigkeit der Zug\u00e4nge erm\u00f6glicht das weltweite Lernen voneinander. Bisherige Erfahrungen zeigen uns, dass es gelingt, Menschen zu unterst\u00fctzen, ihren eigenen Zugang zur Biodynamik zu finden, eine gute Beratung aufzubauen und eigenst\u00e4ndige, unabh\u00e4ngige und damit zukunftsf\u00e4hige Bewegungen in den L\u00e4ndern zu bilden. Es geht der Wanderschule darum, gemeinsam das Potential zu nutzen, das in der Biodynamik steckt: ein wichtiger Beitrag zur wirtschaftlichen Unabh\u00e4ngigkeit, zur Entwicklung einer partnerschaftlichen Zusammenarbeit auf Augenh\u00f6he und zur menschlichen Bewusstseinsbildung zu sein. Die Wanderschule freut sich \u00fcber weitere Unterst\u00fctzung.<\/br>\n<em>Stephan Illi<\/em><\/p>\n<a href=\"https:\/wp-content\/uploads\/2021\/11\/2021-Goetheanum-Artikel.pdf\" target=\"_blank\" rel=\"noopener noreferrer\">Download PDF<\/a>\n","protected":false},"excerpt":{"rendered":"<p>Die international t\u00e4tige Wanderschule unterst\u00fctzt biodynamische Entwicklung in vielen L\u00e4ndern der Erde. Ein wichtiges Anliegen unserer Arbeit ist, die Unabh\u00e4ngigkeit von europ\u00e4ischen Firmen und M\u00e4rkten zu erlangen und zur eigenen Kultur passende Wege der Biodynamik und der regionalen Zusammenarbeit zu finden. Gerade die Verschiedenartigkeit der Zug\u00e4nge erm\u00f6glicht das weltweite Lernen voneinander. Bisherige Erfahrungen zeigen uns, [&hellip;]<\/p>\n","protected":false},"author":1,"featured_media":5927,"comment_status":"closed","ping_status":"closed","sticky":false,"template":"","format":"standard","meta":{"footnotes":""},"categories":[1],"tags":[],"class_list":["post-5907","post","type-post","status-publish","format-standard","has-post-thumbnail","hentry","category-unkategorisiert"],"_links":{"self":[{"href":"https:\/\/wanderschule.world\/de\/wp-json\/wp\/v2\/posts\/5907","targetHints":{"allow":["GET"]}}],"collection":[{"href":"https:\/\/wanderschule.world\/de\/wp-json\/wp\/v2\/posts"}],"about":[{"href":"https:\/\/wanderschule.world\/de\/wp-json\/wp\/v2\/types\/post"}],"author":[{"embeddable":true,"href":"https:\/\/wanderschule.world\/de\/wp-json\/wp\/v2\/users\/1"}],"replies":[{"embeddable":true,"href":"https:\/\/wanderschule.world\/de\/wp-json\/wp\/v2\/comments?post=5907"}],"version-history":[{"count":6,"href":"https:\/\/wanderschule.world\/de\/wp-json\/wp\/v2\/posts\/5907\/revisions"}],"predecessor-version":[{"id":5944,"href":"https:\/\/wanderschule.world\/de\/wp-json\/wp\/v2\/posts\/5907\/revisions\/5944"}],"wp:featuredmedia":[{"embeddable":true,"href":"https:\/\/wanderschule.world\/de\/wp-json\/wp\/v2\/media\/5927"}],"wp:attachment":[{"href":"https:\/\/wanderschule.world\/de\/wp-json\/wp\/v2\/media?parent=5907"}],"wp:term":[{"taxonomy":"category","embeddable":true,"href":"https:\/\/wanderschule.world\/de\/wp-json\/wp\/v2\/categories?post=5907"},{"taxonomy":"post_tag","embeddable":true,"href":"https:\/\/wanderschule.world\/de\/wp-json\/wp\/v2\/tags?post=5907"}],"curies":[{"name":"wp","href":"https:\/\/api.w.org\/{rel}","templated":true}]}}