{"id":5916,"date":"2021-11-29T11:07:27","date_gmt":"2021-11-29T11:07:27","guid":{"rendered":"http:\/\/wanderschule.world\/?p=5916"},"modified":"2024-08-06T10:19:29","modified_gmt":"2024-08-06T10:19:29","slug":"suedafrika-kraft-und-herzlichkeit","status":"publish","type":"post","link":"https:\/\/wanderschule.world\/de\/suedafrika-kraft-und-herzlichkeit\/","title":{"rendered":"S\u00fcdafrika: Kraft und Herzlichkeit"},"content":{"rendered":"\n<figure class=\"wp-block-image size-large is-resized\"><a href=\"http:\/\/wanderschule.world\/wp-content\/uploads\/2019\/03\/Erde03.jpg\"><img loading=\"lazy\" decoding=\"async\" src=\"http:\/\/wanderschule.world\/wp-content\/uploads\/2019\/03\/Erde03.jpg\" alt=\"\" class=\"wp-image-5243\" width=\"434\" height=\"434\" srcset=\"https:\/\/wanderschule.world\/wp-content\/uploads\/2019\/03\/Erde03.jpg 900w, https:\/\/wanderschule.world\/wp-content\/uploads\/2019\/03\/Erde03-150x150.jpg 150w, https:\/\/wanderschule.world\/wp-content\/uploads\/2019\/03\/Erde03-300x300.jpg 300w, https:\/\/wanderschule.world\/wp-content\/uploads\/2019\/03\/Erde03-768x768.jpg 768w, https:\/\/wanderschule.world\/wp-content\/uploads\/2019\/03\/Erde03-80x80.jpg 80w, https:\/\/wanderschule.world\/wp-content\/uploads\/2019\/03\/Erde03-560x560.jpg 560w\" sizes=\"auto, (max-width: 434px) 100vw, 434px\" \/><\/a><\/figure>\n\n\n\n<strong>S\u00fcdafrikas biodynamische Bewegung ist gepr\u00e4gt von Jeanne Malherbe, deren Wirken bis heute erlebbar ist, insbesondere in den vielen biodynamischen Weing\u00fctern.<\/strong>\n<p>Es gibt eine \u00fcberaus aktive biodynamische Bewegung in S\u00fcdafrika, die sich in faszinierender Weise um die Ausbildung junger Menschen bem\u00fcht. Helen van Zyl ist in unerm\u00fcdlicher Weise engagiert im Sinn dieser besonderen Aufgabe. Weil sie kein Land haben, bekommen viele junge hochinteressierte Menschen kaum die Chance, selbstverantwortlich und kreativ auf einem eigenen Hof zu arbeiten. Die biodynamische Ausbildung m\u00f6chte dies \u00e4ndern und braucht dazu Unterst\u00fctzung. Georg Mei\u00dfner und ich hatten mehrfach die Gelegenheit, in Wanderschule-Workshops rund um die Themen Weinbau, Kompostierung, Pr\u00e4parate-Arbeit und Bodenentwicklung diese jungen Menschen zu erleben und uns von ihrer Begeisterung inspirieren zu lassen. Welch eine Freude und Herzlichkeit! Eine gro\u00dfe Aufgabe f\u00fcr alle beteiligten und engagierten Menschen!<\/br>\n<em>Hans Supenk\u00e4mper<\/br>\nBild: Kompost-Workshop bei der biodynamischen Ausbildungsgruppe S\u00fcdafrika<\/em><\/p>\n<a href=\"https:\/wp-content\/uploads\/2021\/11\/2021-Goetheanum-Artikel.pdf\" target=\"_blank\" rel=\"noopener noreferrer\">Download PDF<\/a>\n","protected":false},"excerpt":{"rendered":"<p>S\u00fcdafrikas biodynamische Bewegung ist gepr\u00e4gt von Jeanne Malherbe, deren Wirken bis heute erlebbar ist, insbesondere in den vielen biodynamischen Weing\u00fctern. Es gibt eine \u00fcberaus aktive biodynamische Bewegung in S\u00fcdafrika, die sich in faszinierender Weise um die Ausbildung junger Menschen bem\u00fcht. Helen van Zyl ist in unerm\u00fcdlicher Weise engagiert im Sinn dieser besonderen Aufgabe. Weil sie [&hellip;]<\/p>\n","protected":false},"author":1,"featured_media":5243,"comment_status":"closed","ping_status":"closed","sticky":false,"template":"","format":"standard","meta":{"footnotes":""},"categories":[55],"tags":[],"class_list":["post-5916","post","type-post","status-publish","format-standard","has-post-thumbnail","hentry","category-presse"],"_links":{"self":[{"href":"https:\/\/wanderschule.world\/de\/wp-json\/wp\/v2\/posts\/5916","targetHints":{"allow":["GET"]}}],"collection":[{"href":"https:\/\/wanderschule.world\/de\/wp-json\/wp\/v2\/posts"}],"about":[{"href":"https:\/\/wanderschule.world\/de\/wp-json\/wp\/v2\/types\/post"}],"author":[{"embeddable":true,"href":"https:\/\/wanderschule.world\/de\/wp-json\/wp\/v2\/users\/1"}],"replies":[{"embeddable":true,"href":"https:\/\/wanderschule.world\/de\/wp-json\/wp\/v2\/comments?post=5916"}],"version-history":[{"count":6,"href":"https:\/\/wanderschule.world\/de\/wp-json\/wp\/v2\/posts\/5916\/revisions"}],"predecessor-version":[{"id":5981,"href":"https:\/\/wanderschule.world\/de\/wp-json\/wp\/v2\/posts\/5916\/revisions\/5981"}],"wp:featuredmedia":[{"embeddable":true,"href":"https:\/\/wanderschule.world\/de\/wp-json\/wp\/v2\/media\/5243"}],"wp:attachment":[{"href":"https:\/\/wanderschule.world\/de\/wp-json\/wp\/v2\/media?parent=5916"}],"wp:term":[{"taxonomy":"category","embeddable":true,"href":"https:\/\/wanderschule.world\/de\/wp-json\/wp\/v2\/categories?post=5916"},{"taxonomy":"post_tag","embeddable":true,"href":"https:\/\/wanderschule.world\/de\/wp-json\/wp\/v2\/tags?post=5916"}],"curies":[{"name":"wp","href":"https:\/\/api.w.org\/{rel}","templated":true}]}}